{"id":3761,"__str__":"POR N\u00ba 030/2025 - PORTARIA","link_detail_backend":"/docadm/3761","metadata":{},"numero":30,"complemento":"","ano":2025,"data":"2025-11-19","interessado":"Reinaldo Ribeiro Nunes","dias_prazo":null,"data_fim_prazo":null,"tramitacao":false,"assunto":"Disp\u00f5e sobre o ponto facultativo no \u00e2mbito da C\u00e2mara Municipal de Bom Jardim de Minas - MG, no dia 21 de novembro de 2025, em raz\u00e3o do feriado referente ao dia da Consci\u00eancia Negra.","numero_externo":null,"observacao":"","texto_integral":"http://sapl.bomjardimdeminas.mg.leg.br/media/sapl/private/documentoadministrativo/3761/portaria_30-2025.pdf","restrito":false,"ip":"177.66.253.118","ultima_edicao":"2025-11-19T14:45:54.874719-03:00","tipo":9,"protocolo":null,"autor":null,"user":17,"anexados":[],"materiasvinculadas":[]}