{"id":2159,"__str__":"POR N\u00ba 030/2023 - PORTARIA","link_detail_backend":"/docadm/2159","metadata":{},"numero":30,"complemento":"","ano":2023,"data":"2023-11-23","interessado":"Pedro Vanderli de Rezende-Presidente","dias_prazo":null,"data_fim_prazo":null,"tramitacao":false,"assunto":"\"Disp\u00f5e sobre mudan\u00e7a excepcional da reuni\u00e3o ordin\u00e1ria.\"","numero_externo":null,"observacao":"","texto_integral":"http://sapl.bomjardimdeminas.mg.leg.br/media/sapl/private/documentoadministrativo/2159/portaria_30-2023.pdf","restrito":false,"ip":"177.66.250.63","ultima_edicao":"2023-11-23T15:43:16.432812-03:00","tipo":9,"protocolo":null,"autor":null,"user":23,"anexados":[],"materiasvinculadas":[]}