{"id":4125,"__str__":"Of\u00edcio Legislativo - OF\u00cdCIO 170/2026 de 24/04/2026 por Jos\u00e9 Francisco Matos e Silva","link_detail_backend":"/materia/documentoacessorio/4125","metadata":{},"nome":"OF\u00cdCIO 170/2026","data":"2026-04-24","autor":"Jos\u00e9 Francisco Matos e Silva","ementa":"","indexacao":"","arquivo":"http://sapl.bomjardimdeminas.mg.leg.br/media/sapl/public/documentoacessorio/2026/4125/oficio_170-2026_pmbjm.pdf","data_ultima_atualizacao":"2026-04-27T10:43:43.972152-03:00","materia":2798,"tipo":1}