{"id":3661,"__str__":"Parecer Legislativo da Comiss\u00e3o - PARECER 83/2025 de 08/09/2025 por COMISS\u00c3O DE LEGISLA\u00c7\u00c3O, JUSTI\u00c7A E REDA\u00c7\u00c3O","link_detail_backend":"/materia/documentoacessorio/3661","metadata":{},"nome":"PARECER 83/2025","data":"2025-09-08","autor":"COMISS\u00c3O DE LEGISLA\u00c7\u00c3O, JUSTI\u00c7A E REDA\u00c7\u00c3O","ementa":"","indexacao":"","arquivo":"http://sapl.bomjardimdeminas.mg.leg.br/media/sapl/public/documentoacessorio/2025/3661/parecer_plo_57.pdf","data_ultima_atualizacao":"2025-09-15T09:17:03.226030-03:00","materia":2534,"tipo":54}