{"id":3123,"__str__":"Of\u00edcio Legislativo - OF\u00cdCIO 43/2025 PMBJM de 07/02/2025 por Jos\u00e9 Francisco Matos e Silva","link_detail_backend":"/materia/documentoacessorio/3123","metadata":{},"nome":"OF\u00cdCIO 43/2025 PMBJM","data":"2025-02-07","autor":"Jos\u00e9 Francisco Matos e Silva","ementa":"","indexacao":"","arquivo":"http://sapl.bomjardimdeminas.mg.leg.br/media/sapl/public/documentoacessorio/2025/3123/oficio_43-2025_pmbjm.pdf","data_ultima_atualizacao":"2025-02-07T14:38:19.180766-03:00","materia":2326,"tipo":1}