{"id":294,"__str__":"Parecer Jur\u00eddico - Contrata\u00e7\u00e3o Tempor\u00e1ria de 17/02/2021 por Bechelini, Naz\u00e1rio e Lima","link_detail_backend":"/materia/documentoacessorio/294","metadata":{},"nome":"Contrata\u00e7\u00e3o Tempor\u00e1ria","data":"2021-02-17","autor":"Bechelini, Naz\u00e1rio e Lima","ementa":"","indexacao":"","arquivo":"http://sapl.bomjardimdeminas.mg.leg.br/media/sapl/public/documentoacessorio/2021/294/parecer_juridico_contratacao_temporaria.pdf","data_ultima_atualizacao":"2021-03-19T13:03:30.996230-03:00","materia":777,"tipo":2}