{"id":2931,"__str__":"Of\u00edcio Legislativo - Of\u00edcio 247/2024 de 15/10/2024 por Jos\u00e9 Francisco Matos e Silva","link_detail_backend":"/materia/documentoacessorio/2931","metadata":{},"nome":"Of\u00edcio 247/2024","data":"2024-10-15","autor":"Jos\u00e9 Francisco Matos e Silva","ementa":"","indexacao":"","arquivo":"http://sapl.bomjardimdeminas.mg.leg.br/media/sapl/public/documentoacessorio/2024/2931/oficio_247.pdf","data_ultima_atualizacao":"2024-10-16T08:39:36.595412-03:00","materia":2224,"tipo":1}